{"id":1147,"date":"2025-05-24T14:26:51","date_gmt":"2025-05-24T14:26:51","guid":{"rendered":"https:\/\/www.vasiltole.com\/?p=1147"},"modified":"2026-04-20T07:55:01","modified_gmt":"2026-04-20T07:55:01","slug":"magjia-e-nje-simfonie-thellesisht-shqiptare","status":"publish","type":"post","link":"https:\/\/www.vasiltole.com\/?p=1147","title":{"rendered":"\u201cMagjia e nj\u00eb simfonie thell\u00ebsisht shqiptare\u201d"},"content":{"rendered":"\n<p>Pas nj\u00eb p\u00ebrvoje t\u00eb gjat\u00eb, kompozitori Vasil Sofokli Tole i ofroi publikut nj\u00eb simfoni me<br>asht\u00eb t\u00ebr\u00ebsisht shqiptar. Premiera bot\u00ebrore e \u201cAlbanoi\u201d u luajt me dat\u00eb 9 maj, 2025,<br>n\u00eb Dit\u00ebn e Evrop\u00ebs, nga orkestra simfonike e Radio-Televizionit Shqiptar, n\u00ebn drejtimin<br>e Maestro Eno Ko\u00e7os.<br>Kjo orkest\u00ebr e themeluar m\u00eb 16 maj t\u00eb vitit 1962, rr\u00ebnj\u00ebt i ka, n\u00eb fakt, n\u00eb vitin 1938,<br>koh\u00eb kur u krijua Radio Tirana dhe, pran\u00eb saj, u vendos nj\u00eb formacion orkestral q\u00eb quhej<br>Orkestra e Radio Tiran\u00ebs, fillimisht n\u00ebn dirigjimin e dirigjentit italian Umberto Rampi e<br>pastaj, pas \u201944-\u00ebs, n\u00ebn dirigjimin e Mustafa Krantj\u00ebs, Bojan Adami\u00e7it etj.<br>Krijues si Kristo Kono, Pjet\u00ebr Dungu, Dhora Leka etj ishin nd\u00ebr t\u00eb par\u00ebt q\u00eb u<br>interpretuan. Pas tyre orkestra simfonike e RTSH ka interpretuar krijimtarin\u00eb e pothuajse<br>gjith\u00eb kompozitor\u00ebve shqiptar\u00eb prej At Martin Gjok\u00ebs, At Fan S. Nolit, Murat Shehut, \u00c7esk<br>Zadej\u00ebs, Tish Dais\u00eb, Tonin Harapit, Kozma Lar\u00ebs, Pjet\u00ebr Gacit, Feim Ibrahimit, Limoz<br>Dizdarit, Shp\u00ebtim Kusht\u00ebs, Kujtim Laros, Thoma Gaqit, Hajg Zaharianit, Spartak Tilit,<br>Gazmend Mullahit, Thomas Simakut, David Tukiqit, Josif Ming\u00ebs, Zef \u00c7ob\u00ebs, Aleksand\u00ebr<br>Pe\u00e7it, Sokol Shupos, Ermir Dergjinit, Fatos Qerimit, Endri Sin\u00ebs etj, e deri tek brezat m\u00eb t\u00eb<br>rinj. Po ashtu krijimtarin\u00eb e krijuesve shqiptar\u00eb t\u00eb Kosov\u00ebs Rexho Mulliqi, Lorenc Antoni,<br>Rauf Dhomi, Zeqirja Ballata, Fahri Beqiri etj.<br>Nd\u00ebrkoh\u00eb, p\u00ebr t\u2019u rikthyer te premiera e \u201cAlbanoit\u201d. T\u00eb pranishmit, mes t\u00eb cil\u00ebve kisha<br>fatin t\u00eb jem edhe un\u00eb, shpreh\u00ebn konsidereat\u00ebn e tyre p\u00ebr k\u00ebt\u00eb vep\u00ebr t\u00eb jasht\u00ebzakonshme,<br>prandaj edhe vendosa q\u00eb, n\u00ebp\u00ebrmjet fjal\u00ebve t\u00eb tyre, t\u00eb tej\u00e7oja tek lexuesi i \u201cExLibris\u201d nj\u00eb<br>shije, sado t\u00eb zbeht\u00eb, t\u00eb k\u00ebsaj ngjarjeje madhore jo vet\u00ebm n\u00eb jet\u00ebn e kompozitorit, por n\u00eb<br>vet\u00eb jet\u00ebn artistike t\u00eb bot\u00ebs shqiptare, brenda e p\u00ebrtej vet\u00eb Shqip\u00ebris\u00eb.<br>Nj\u00eb bised\u00eb q\u00eb pata fatin t\u00eb zhvilloja me prof. Vason pak koh\u00eb m\u00eb par\u00eb (ExLibris, nr.<br>304), e mbyll\u00ebm me fjalin\u00eb \u201cSe si do t\u00eb jet\u00eb kjo simfoni shqiptare e shek. XXI, besoj do t\u00eb<br>flasim p\u00ebrs\u00ebri, pas premier\u00ebs s\u00eb saj!\u201d Dhe, meq\u00eb tani jemi p\u00ebrnj\u00ebmend pas premier\u00ebs, po<br>flasim p\u00ebr t\u00eb, ama jo me kompozitorin, por me disa personalitete, t\u00eb fush\u00ebs ose jo, q\u00eb e<br>vler\u00ebsuan s\u00eb tep\u00ebrmi!<\/p>\n\n\n\n<p><a href=\"https:\/\/www.vasiltole.com\/wp-content\/uploads\/2025\/05\/EXLIBRIS_337x.pdf\">Artikullin n\u00eb ExLibris mund ta lexoni k\u00ebtu.<\/a><\/p>\n\n\n\n<figure class=\"wp-block-embed is-type-video is-provider-youtube wp-block-embed-youtube wp-embed-aspect-16-9 wp-has-aspect-ratio\"><div class=\"wp-block-embed__wrapper\">\n<iframe loading=\"lazy\" title=\"VASIL S. TOLE Simfonia ALBANOI, I. Epos, II. Iso, III. PrechorusDance, IV. HengRevelry-Finale\" width=\"500\" height=\"281\" src=\"https:\/\/www.youtube.com\/embed\/QvYXTQYI-GM?feature=oembed\" frameborder=\"0\" allow=\"accelerometer; autoplay; clipboard-write; encrypted-media; gyroscope; picture-in-picture; web-share\" referrerpolicy=\"strict-origin-when-cross-origin\" allowfullscreen><\/iframe>\n<\/div><\/figure>\n\n\n\n<p><a href=\"https:\/\/www.vasiltole.com\/wp-content\/uploads\/2025\/10\/Robert-Prenushi-MBI-SIMFONINE-ALBANOI_-2026.pdf\">\u201cMBI SIMFONIN\u00cb \u2018ALBANOI\u2019 t\u00eb kompozitorit Vasil S Tole, dirigjuar nga Eno Ko\u00e7o, \u201cNderi i Kombit\u201d, nga ROBERT PRENNUSHI<\/a><\/p>\n","protected":false},"excerpt":{"rendered":"<p> [&hellip;]<\/p>\n","protected":false},"author":1,"featured_media":0,"comment_status":"closed","ping_status":"open","sticky":false,"template":"","format":"standard","meta":{"footnotes":""},"categories":[1],"tags":[],"class_list":["post-1147","post","type-post","status-publish","format-standard","hentry","category-uncategorized"],"_links":{"self":[{"href":"https:\/\/www.vasiltole.com\/index.php?rest_route=\/wp\/v2\/posts\/1147","targetHints":{"allow":["GET"]}}],"collection":[{"href":"https:\/\/www.vasiltole.com\/index.php?rest_route=\/wp\/v2\/posts"}],"about":[{"href":"https:\/\/www.vasiltole.com\/index.php?rest_route=\/wp\/v2\/types\/post"}],"author":[{"embeddable":true,"href":"https:\/\/www.vasiltole.com\/index.php?rest_route=\/wp\/v2\/users\/1"}],"replies":[{"embeddable":true,"href":"https:\/\/www.vasiltole.com\/index.php?rest_route=%2Fwp%2Fv2%2Fcomments&post=1147"}],"version-history":[{"count":4,"href":"https:\/\/www.vasiltole.com\/index.php?rest_route=\/wp\/v2\/posts\/1147\/revisions"}],"predecessor-version":[{"id":1394,"href":"https:\/\/www.vasiltole.com\/index.php?rest_route=\/wp\/v2\/posts\/1147\/revisions\/1394"}],"wp:attachment":[{"href":"https:\/\/www.vasiltole.com\/index.php?rest_route=%2Fwp%2Fv2%2Fmedia&parent=1147"}],"wp:term":[{"taxonomy":"category","embeddable":true,"href":"https:\/\/www.vasiltole.com\/index.php?rest_route=%2Fwp%2Fv2%2Fcategories&post=1147"},{"taxonomy":"post_tag","embeddable":true,"href":"https:\/\/www.vasiltole.com\/index.php?rest_route=%2Fwp%2Fv2%2Ftags&post=1147"}],"curies":[{"name":"wp","href":"https:\/\/api.w.org\/{rel}","templated":true}]}}